{"id":1707,"__str__":"Parecer n\u00ba 39 de 2023","link_detail_backend":"/materia/1707","metadata":{},"numero":39,"ano":2023,"numero_protocolo":null,"data_apresentacao":"2023-03-27","tipo_apresentacao":"E","data_publicacao":null,"numero_origem_externa":"","ano_origem_externa":null,"data_origem_externa":null,"apelido":"","dias_prazo":null,"data_fim_prazo":null,"em_tramitacao":true,"polemica":false,"objeto":"","complementar":false,"ementa":"Parecer da Comiss\u00e3o de Justi\u00e7a e Reda\u00e7\u00e3o de Leis, sobre o Projeto de Lei n\u00ba 9/2023, de autoria dos Vereadores Josete Pedro Xavier de Lima e Djailson Nogueira Pessoa J\u00fanior, que Institui o Dia Municipal do Vaqueiro e d\u00e1 outras provid\u00eancias.","indexacao":"","observacao":"","resultado":"","texto_original":null,"data_ultima_atualizacao":"2023-03-27T15:54:20.158130-03:00","ip":"179.108.54.133","ultima_edicao":"2023-03-27T15:54:20.030409-03:00","tipo":12,"regime_tramitacao":1,"tipo_origem_externa":null,"local_origem_externa":null,"user":13,"anexadas":[],"autores":[25]}