{"id":2032,"__str__":"Parecer n\u00ba 93 de 2023","link_detail_backend":"/materia/2032","metadata":{},"numero":93,"ano":2023,"numero_protocolo":null,"data_apresentacao":"2023-08-07","tipo_apresentacao":"E","data_publicacao":null,"numero_origem_externa":"","ano_origem_externa":null,"data_origem_externa":null,"apelido":"","dias_prazo":null,"data_fim_prazo":null,"em_tramitacao":true,"polemica":false,"objeto":"","complementar":false,"ementa":"Parecer favor\u00e1vel da Comiss\u00e3o de Justi\u00e7a e Reda\u00e7\u00e3o de Leis, sobre o Projeto de Lei n\u00ba 27/2023, de autoria do Vereador Djailson Nogueira Pessoa J\u00fanior, que Denomina vias de acesso \u00e0 Comunidade Associa\u00e7\u00e3o S\u00e3o Jos\u00e9 e d\u00e1 outras provid\u00eancias.","indexacao":"","observacao":"","resultado":"","texto_original":null,"data_ultima_atualizacao":"2023-08-07T16:25:43.387998-03:00","ip":"138.122.28.202","ultima_edicao":"2023-08-07T16:24:48.724069-03:00","tipo":12,"regime_tramitacao":1,"tipo_origem_externa":null,"local_origem_externa":null,"user":13,"anexadas":[],"autores":[25]}