{"id":2119,"__str__":"Parecer n\u00ba 116 de 2023","link_detail_backend":"/materia/2119","metadata":{},"numero":116,"ano":2023,"numero_protocolo":null,"data_apresentacao":"2023-09-18","tipo_apresentacao":"E","data_publicacao":null,"numero_origem_externa":"","ano_origem_externa":null,"data_origem_externa":null,"apelido":"","dias_prazo":null,"data_fim_prazo":null,"em_tramitacao":true,"polemica":false,"objeto":"","complementar":false,"ementa":"Parecer favor\u00e1vel da Comiss\u00e3o de Justi\u00e7a e Reda\u00e7\u00e3o de Leis, sobre o Projeto de Lei n\u00ba 30/2023, de autoria do Vereador Jo\u00e3o Pedro Torres Cavalcante Novaes, que Inclui no calend\u00e1rio oficial do Munic\u00edpio de Cabrob\u00f3, o Dia do Ciclista e do Motociclista e d\u00e1 outras provid\u00eancias.","indexacao":"","observacao":"","resultado":"","texto_original":null,"data_ultima_atualizacao":"2023-09-18T17:16:26.613158-03:00","ip":"191.5.192.236","ultima_edicao":"2023-09-18T17:15:16.683174-03:00","tipo":12,"regime_tramitacao":1,"tipo_origem_externa":null,"local_origem_externa":null,"user":13,"anexadas":[],"autores":[25]}