{"id":2165,"__str__":"Parecer n\u00ba 131 de 2023","link_detail_backend":"/materia/2165","metadata":{},"numero":131,"ano":2023,"numero_protocolo":null,"data_apresentacao":"2023-10-09","tipo_apresentacao":"E","data_publicacao":null,"numero_origem_externa":"","ano_origem_externa":null,"data_origem_externa":null,"apelido":"","dias_prazo":null,"data_fim_prazo":null,"em_tramitacao":true,"polemica":false,"objeto":"","complementar":false,"ementa":"Parecer favor\u00e1vel da Comiss\u00e3o de Justi\u00e7a e Reda\u00e7\u00e3o de Lei, sobre o Projeto de Lei n\u00ba 35/2023, oriundo da Mesa Diretora da C\u00e2mara Municipal de Cabrob\u00f3, que Fixa o subs\u00eddio dos Vereadores para a Legislatura 2025-2028.","indexacao":"","observacao":"","resultado":"","texto_original":null,"data_ultima_atualizacao":"2023-10-09T16:38:14.044585-03:00","ip":"179.108.63.228","ultima_edicao":"2023-10-09T16:36:47.715340-03:00","tipo":12,"regime_tramitacao":1,"tipo_origem_externa":null,"local_origem_externa":null,"user":13,"anexadas":[],"autores":[25]}