{"id":2344,"__str__":"Parecer n\u00ba 188 de 2023","link_detail_backend":"/materia/2344","metadata":{},"numero":188,"ano":2023,"numero_protocolo":null,"data_apresentacao":"2023-12-11","tipo_apresentacao":"E","data_publicacao":null,"numero_origem_externa":"","ano_origem_externa":null,"data_origem_externa":null,"apelido":"","dias_prazo":null,"data_fim_prazo":null,"em_tramitacao":true,"polemica":false,"objeto":"","complementar":false,"ementa":"Parecer favor\u00e1vel da Comiss\u00e3o de Justi\u00e7a e Reda\u00e7\u00e3o de Leis, sobre o Projeto de Lei n\u00ba 45/2023, de autoria dos Vereadores J\u00fanior Nogueira e Henriqueta Torres, que Declara como Patrim\u00f4nio Cultural Imaterial do Munic\u00edpio de Cabrob\u00f3, o Coral da Primeira Igreja Batista em Cabrob\u00f3.","indexacao":"","observacao":"","resultado":"","texto_original":null,"data_ultima_atualizacao":"2023-12-11T16:59:15.348232-03:00","ip":"191.5.203.208","ultima_edicao":"2023-12-11T16:58:03.756110-03:00","tipo":12,"regime_tramitacao":1,"tipo_origem_externa":null,"local_origem_externa":null,"user":13,"anexadas":[],"autores":[25]}