{"id":2857,"__str__":"Parecer n\u00ba 117 de 2024","link_detail_backend":"/materia/2857","metadata":{},"numero":117,"ano":2024,"numero_protocolo":null,"data_apresentacao":"2024-08-13","tipo_apresentacao":"E","data_publicacao":null,"numero_origem_externa":"","ano_origem_externa":null,"data_origem_externa":null,"apelido":"","dias_prazo":null,"data_fim_prazo":null,"em_tramitacao":true,"polemica":false,"objeto":"","complementar":false,"ementa":"Parecer favor\u00e1vel da Comiss\u00e3o de Justi\u00e7a e Reda\u00e7\u00e3o de Leis, sobre o Projeto de Lei n\u00ba 28/2024, de autoria dos Vereadores Jo\u00e3o Pedro Novaes e Josete Pedro, que Inclui no calend\u00e1rio oficial do Munic\u00edpio de Cabrob\u00f3, a Semana do Ciclista, do Motociclista On Road e do Motociclista Off Road e d\u00e1 outras provid\u00eancias.","indexacao":"","observacao":"","resultado":"","texto_original":null,"data_ultima_atualizacao":"2024-08-13T19:23:21.115916-03:00","ip":"191.5.192.200","ultima_edicao":"2024-08-13T19:23:20.980738-03:00","tipo":12,"regime_tramitacao":1,"tipo_origem_externa":null,"local_origem_externa":null,"user":13,"anexadas":[],"autores":[25]}